{"id":192,"date":"2026-01-12T10:28:00","date_gmt":"2026-01-12T10:28:00","guid":{"rendered":"http:\/\/cooperative-d-ecriture.org\/?p=192"},"modified":"2026-09-01T12:47:34","modified_gmt":"2026-09-01T12:47:34","slug":"notre-site-une-idee-des-propositions","status":"publish","type":"post","link":"https:\/\/cooperative-d-ecriture.org\/index.php\/2026\/01\/12\/notre-site-une-idee-des-propositions\/","title":{"rendered":"Notre site, une id\u00e9e, des propos(itions)\u2026"},"content":{"rendered":"\n<figure class=\"wp-block-embed is-type-video is-provider-youtube wp-block-embed-youtube wp-embed-aspect-16-9 wp-has-aspect-ratio\"><div class=\"wp-block-embed__wrapper\">\n<iframe loading=\"lazy\" title=\"12\/01\/2026 - Autobus\" width=\"500\" height=\"281\" src=\"https:\/\/www.youtube.com\/embed\/2ttaODI904A?feature=oembed\" frameborder=\"0\" allow=\"accelerometer; autoplay; clipboard-write; encrypted-media; gyroscope; picture-in-picture; web-share\" referrerpolicy=\"strict-origin-when-cross-origin\" allowfullscreen><\/iframe>\n<\/div><\/figure>\n\n\n\n<h4 class=\"wp-block-heading\"><a><\/a> Arr\u00eat d\u2019autobus, 12 janvier 2026<\/h4>\n\n\n\n<p class=\"wp-block-paragraph\">Participants pr\u00e9sents\u00a0: V\u00e9ronique, Servane, Aleks, H\u00e9l\u00e8ne, Valeria, Jessica, Saadia<\/p>\n\n\n<div class=\"taxonomy-post_tag wp-block-post-terms\"><span class=\"wp-block-post-terms__prefix\">Th\u00e9matiques : <\/span><a href=\"https:\/\/cooperative-d-ecriture.org\/index.php\/tag\/accessibilite\/\" rel=\"tag\">accessibilit\u00e9<\/a><span class=\"wp-block-post-terms__separator\">, <\/span><a href=\"https:\/\/cooperative-d-ecriture.org\/index.php\/tag\/coope\/\" rel=\"tag\">coop\u00e9<\/a><span class=\"wp-block-post-terms__separator\">, <\/span><a href=\"https:\/\/cooperative-d-ecriture.org\/index.php\/tag\/cooperation\/\" rel=\"tag\">coop\u00e9ration<\/a><span class=\"wp-block-post-terms__separator\">, <\/span><a href=\"https:\/\/cooperative-d-ecriture.org\/index.php\/tag\/ergonomie\/\" rel=\"tag\">ergonomie<\/a><span class=\"wp-block-post-terms__separator\">, <\/span><a href=\"https:\/\/cooperative-d-ecriture.org\/index.php\/tag\/esthetique\/\" rel=\"tag\">esth\u00e9tique<\/a><span class=\"wp-block-post-terms__separator\">, <\/span><a href=\"https:\/\/cooperative-d-ecriture.org\/index.php\/tag\/handicap\/\" rel=\"tag\">handicap<\/a><span class=\"wp-block-post-terms__separator\">, <\/span><a href=\"https:\/\/cooperative-d-ecriture.org\/index.php\/tag\/inclusion\/\" rel=\"tag\">inclusion<\/a><span class=\"wp-block-post-terms__separator\">, <\/span><a href=\"https:\/\/cooperative-d-ecriture.org\/index.php\/tag\/numerique\/\" rel=\"tag\">num\u00e9rique<\/a><span class=\"wp-block-post-terms__separator\">, <\/span><a href=\"https:\/\/cooperative-d-ecriture.org\/index.php\/tag\/site-internet\/\" rel=\"tag\">site internet<\/a><\/div>\n\n\n<h5 class=\"wp-block-heading\">R\u00e9sum\u00e9<\/h5>\n\n\n\n<p class=\"wp-block-paragraph\">Dans une premi\u00e8re partie, Servane fait un bref historique de la coop\u00e9 et un r\u00e9cap des s\u00e9ances de l\u2019ann\u00e9e pour aider les nouvelles venues ou les anciens ayant rat\u00e9 quelques s\u00e9ances \u00e0 se mettre sur les rails. Les \u00e9changes suivants tournent autour de la proposition de Servane de mettre en place un site internet autonome pour la coop\u00e9. Diverses propositions, attentes, ou demandes sont formul\u00e9es et am\u00e8nent \u00e0 des \u00e9changes plus approfondis sur le sens et l\u2019\u00e9thique qui devraient guider cette cr\u00e9ation, sur l\u2019ergonomie et l\u2019accessibilit\u00e9 ainsi que sur les modalit\u00e9s de travail coop\u00e9ratif autour de la cr\u00e9ation et de l\u2019administration du site. L\u2019id\u00e9e \u00e9tant d\u2019en faire en m\u00eame temps une vitrine de nos travaux et un espace coop\u00e9ratif \u00e0 part enti\u00e8re\u00a0: \u00ab\u00a0dans la coop\u00e9rative, il y a quelque chose de vivant et de coop\u00e9ratif. Et toute la question c&rsquo;est comment faire pour, sur un site rendre compte, en fait, de tout ce qui est de l&rsquo;ordre du processus et du vivant, des \u00e9motions, du sensible, etc.\u00a0? \u00bb (V\u00e9ronique).<\/p>\n\n\n\n<h5 class=\"wp-block-heading\">Transcription<\/h5>\n\n\n\n<p class=\"wp-block-paragraph\">V\u00e9ronique : Alors donc on fait la s\u00e9ance d&rsquo;arr\u00eat d&rsquo;autobus du 12 janvier 2026. On vous propose de faire un r\u00e9capitulatif de tout ce qui s&rsquo;est dit pendant le conseil, un r\u00e9capitulatif de ce qui s&rsquo;est pass\u00e9 dans la coop\u00e9 depuis la rentr\u00e9e, avec un historique aussi de la coop\u00e9rative, et puis discuter un petit peu d&rsquo;une proposition que nous a fait Servane par rapport aux traces de la Coop\u00e9. Voil\u00e0. Alors dans les discussions, on a Servane qui nous a propos\u00e9 le journal de son s\u00e9minaire. Alors, j&rsquo;ai pas not\u00e9&#8230;<\/p>\n\n\n\n<p class=\"wp-block-paragraph\">Servane : C&rsquo;est le s\u00e9minaire des L2 \u00ab&nbsp;l&rsquo;enfant, le savoir et la connaissance&nbsp;\u00bb. J&rsquo;en avais parl\u00e9 dans les s\u00e9ances d&rsquo;avant et donc c&rsquo;est le recueil de nos productions, des productions des \u00e9tudiants que j&rsquo;ai partag\u00e9.<\/p>\n\n\n\n<p class=\"wp-block-paragraph\">V\u00e9ronique : Est-ce que tu peux du coup remettre le lien maintenant pour qu&rsquo;il soit dans l&rsquo;enregistrement&nbsp;?<\/p>\n\n\n\n<p class=\"wp-block-paragraph\">Servane&nbsp;: Ouais, j&rsquo;y vais.<\/p>\n\n\n\n<blockquote class=\"wp-block-quote is-layout-flow wp-block-quote-is-layout-flow\">\n<p class=\"wp-block-paragraph\">Servane : <a href=\"https:\/\/drive.google.com\/file\/d\/1mMm72zzRrIdaockVaoAKXl3cQIzhs8tS\/view?usp=drive_link\">https:\/\/drive.google.com\/file\/d\/1mMm72zzRrIdaockVaoAKXl3cQIzhs8tS\/view?usp=drive_link<\/a><\/p>\n<\/blockquote>\n\n\n\n<p class=\"wp-block-paragraph\">V\u00e9ronique : Ensuite Pierre s&rsquo;excuse : il ne peut pas \u00eatre pr\u00e9sent aujourd&rsquo;hui parce c&rsquo;est une journ\u00e9e master. Il nous informe aussi qu&rsquo;il commencera son s\u00e9minaire lundi prochain de 18h \u00e0 20h. J&rsquo;ai pas le nom du s\u00e9minaire&#8230;<\/p>\n\n\n\n<p class=\"wp-block-paragraph\">Servane : C&rsquo;est son s\u00e9minaire doctoral, je crois qu&rsquo;il l&rsquo;appelle comme \u00e7a, sauf erreur de ma part.<\/p>\n\n\n\n<p class=\"wp-block-paragraph\">V\u00e9ronique : D&rsquo;accord. Donc c&rsquo;est lundi prochain de 18h \u00e0 20h avec comme premi\u00e8re s\u00e9ance il invite Kakou sur les \u00ab&nbsp;petits rien&nbsp;\u00bb. Euh [silence] c&rsquo;est pas \u00e9vident hein de faire le recap. On a Aleks qui nous propose un lien sur un atelier de lecture et d&rsquo;\u00e9criture. Alors pareil Aleks, est-ce que tu veux remettre un petit message dans le chat pour que les gens aient l&rsquo;info&nbsp;?<\/p>\n\n\n\n<p class=\"wp-block-paragraph\">Aleks : Oui, tout \u00e0 fait, je vais le remettre dans le chat.J&rsquo;\u00e9voquais ce projet de formation autonome par la recherche-action et la recherche cr\u00e9ation et je disais que dans ce cadre j&rsquo;exp\u00e9rimente des formes de permanence d&rsquo;\u00e9criture l\u00e0, depuis 6 mois \u00e0 peu pr\u00e8s, de mani\u00e8re assez irr\u00e9guli\u00e8re&#8230; plut\u00f4t c&rsquo;est entre midi et 2 puisque l&rsquo;id\u00e9e c&rsquo;est que \u00e7a soit accessible pour des praticiens praticiennes chercheurs qui sont pas forc\u00e9ment en permanence en activit\u00e9 de recherche, donc c&rsquo;est plut\u00f4t ce cr\u00e9neau l\u00e0. Et donc s&rsquo;il y a des personnes qui sont int\u00e9ress\u00e9es, je vais remettre mon mail pour prise de contact et, voil\u00e0, toute personne qui le souhaite est la bienvenue comme un espace o\u00f9 \u00e7a peut permettre de se mettre ou de se remettre en \u00e9criture sur ses propres \u00e9crits en cours.<\/p>\n\n\n\n<blockquote class=\"wp-block-quote is-layout-flow wp-block-quote-is-layout-flow\">\n<p class=\"wp-block-paragraph\">Aleks : atelierdelecture@posteo.net <br><a href=\"https:\/\/ecorcesetcabanes.wordpress.com\/frac\/\">https:\/\/ecorcesetcabanes.wordpress.com\/frac\/<\/a><\/p>\n<\/blockquote>\n\n\n\n<p class=\"wp-block-paragraph\">V\u00e9ronique : Merci. H\u00e9l\u00e8ne a propos\u00e9 aussi un partage de document. H\u00e9l\u00e8ne, est-ce que tu veux le le pr\u00e9senter rapidement ?<\/p>\n\n\n\n<p class=\"wp-block-paragraph\">H\u00e9l\u00e8ne : Oui, c&rsquo;est un essai, en fait, d&rsquo;un texte \u00e0 partir de la pratique que j&rsquo;ai du montage audio puisque je me suis engag\u00e9e avec un collectif de travail en pr\u00e9vention sp\u00e9cialis\u00e9 \u00e0 proposer des montages \u00e0 partir d&rsquo;enregistrements collectifs qui ont \u00e9t\u00e9 r\u00e9alis\u00e9s sur les pratiques et les gestes, en fait, de ces \u00e9ducateurices. Et je me suis retrouv\u00e9e confront\u00e9e \u00e0 la difficult\u00e9 de devoir faire m\u00eame \u00e0 minima une voix off, donc \u00e0 partir des \u00e9l\u00e9ments qu&rsquo;il y avait dans mon journal, j&rsquo;ai \u00e9crit, j&rsquo;ai essay\u00e9 d&rsquo;\u00e9crire ce texte court que j&rsquo;ai mis sur un carnet de recherche qui, pour l&rsquo;instant, est sur Hypoth\u00e8ses parce que c&rsquo;\u00e9tait le plus simple pour moi de d&rsquo;h\u00e9berger un blog sur Hypoth\u00e8ses. Et je vais essayer de continuer en fait \u00e0 un peu chroniquer mon travail avec des textes courts un peu similaires. Donc voil\u00e0, \u00e7a s&rsquo;appelle \u00ab&nbsp;ma voix off&nbsp;\u00bb et c&rsquo;est en ligne sur le blog Hypoth\u00e8ses. Comme c&rsquo;est par ordre chronologique, c&rsquo;est le premier et je vais remettre le lien dans le chat.<\/p>\n\n\n\n<blockquote class=\"wp-block-quote is-layout-flow wp-block-quote-is-layout-flow\">\n<p class=\"wp-block-paragraph\">H\u00e9l\u00e8ne : <a href=\"https:\/\/risradio.hypotheses.org\">https:\/\/risradio.hypotheses.org<\/a><\/p>\n<\/blockquote>\n\n\n\n<p class=\"wp-block-paragraph\">V\u00e9ronique : Merci. Servane nous signale la tr\u00e8s riche s\u00e9ance de mercredi dernier du s\u00e9minaire \u00ab&nbsp;hors les marges&nbsp;\u00bb. Pareil Servane, est-ce que tu peux nous remettre le lien vers la vid\u00e9o ?<\/p>\n\n\n\n<p class=\"wp-block-paragraph\">Servane : Ouais.<\/p>\n\n\n\n<blockquote class=\"wp-block-quote is-layout-flow wp-block-quote-is-layout-flow\">\n<p class=\"wp-block-paragraph\">Servane : <a href=\"https:\/\/youtu.be\/ZtQIy7jVqj0\">https:\/\/youtu.be\/ZtQIy7jVqj0<\/a><\/p>\n<\/blockquote>\n\n\n\n<p class=\"wp-block-paragraph\">V\u00e9ronique : Servane va commencer son s\u00e9minaire \u00ab&nbsp;num\u00e9rique et esth\u00e9tique&nbsp;\u00bb. La premi\u00e8re s\u00e9ance aura lieu mardi 20 janvier \u00e0 19h. L&rsquo;id\u00e9e de la premi\u00e8re s\u00e9ance, c&rsquo;est un petit peu de faire le point sur les envies de chacun, les demandes, que ce soit au niveau technique ou au niveau \u00e9pist\u00e9mique. Donc premi\u00e8re r\u00e9union pour organiser. Il suffit d&rsquo;envoyer un mail \u00e0 Servane pour s&rsquo;inscrire \u00e0 ce s\u00e9minaire. Servane aimerait bien qu&rsquo;on mette en place une framaliste pour que vraiment soit mise \u00e0 jour la liste des personnes qui sont int\u00e9ress\u00e9es pour recevoir les informations. Sa proposition est adopt\u00e9e et on pourrait faire la m\u00eame chose pour les s\u00e9minaires satellites. Ensuite, Servane propose de cr\u00e9er un site d\u00e9di\u00e9 \u00e0 la coop\u00e9 et aux satellites. Pour l&rsquo;instant, toutes les vid\u00e9os, les textes, sont post\u00e9s sur le site de Pierre et ce serait vraiment int\u00e9ressant que la coop\u00e9 ait un fonctionnement plus autonome. On peut aussi imaginer un partage des t\u00e2ches plus coop\u00e9ratives, une possibilit\u00e9 donc de publier les visos mais aussi nos textes libres, des infos directes etc. qu&rsquo;on ouvre comme \u00e7a un territoire coop\u00e9ratif. Servane pour l&rsquo;instant a demand\u00e9 un financement au labo LIAgE. Elle aimerait bien aussi, dans un projet de recherche, faire un petit peu l&rsquo;arch\u00e9ologie de tout ce qui s&rsquo;est pass\u00e9 depuis le d\u00e9but de la coop\u00e9. Val\u00e9ria, elle, avait pens\u00e9 avant la proposition de Servane au YesWiki. Donc c&rsquo;est pas une contre-proposition, mais c&rsquo;\u00e9tait une id\u00e9e qu&rsquo;elle voulait nous partager. Servane a d\u00e9j\u00e0 travaill\u00e9 sur le site de l&rsquo;AIRSPE. Donc Servane, est-ce que tu peux nous mettre le lien vers le site ?<\/p>\n\n\n\n<blockquote class=\"wp-block-quote is-layout-flow wp-block-quote-is-layout-flow\">\n<p class=\"wp-block-paragraph\">Servane : <a href=\"https:\/\/airspe.org\/\">https:\/\/airspe.org\/<\/a><\/p>\n<\/blockquote>\n\n\n\n<p class=\"wp-block-paragraph\">V\u00e9ronique&nbsp;: Voil\u00e0, c&rsquo;est-\u00e0-dire que c&rsquo;est pas une proposition qu&rsquo;elle fait sans avoir d\u00e9j\u00e0 une grosse exp\u00e9rience. L&rsquo;id\u00e9e, ce serait de construire le site ensemble, de l&rsquo;imaginer, de pouvoir en discuter, de rendre aussi&#8230; enfin de r\u00e9fl\u00e9chir \u00e0 l&rsquo;ergonomie pour qu&rsquo;on puisse entrer dans le site un petit peu chacun \u00e0 sa fa\u00e7on. Alors, il y a l&rsquo;ergonomie, il y a aussi l&rsquo;identit\u00e9 visuelle. Val\u00e9ria se dit qu&rsquo;il y a peut-\u00eatre des outils qui existent pour que, y compris dans une viso, on puisse r\u00e9ussir \u00e0 mettre en \u0153uvre notre notre cr\u00e9ativit\u00e9 pour donner nos id\u00e9es par rapport \u00e0 l&rsquo;identit\u00e9 visuelle. On a la question de l&rsquo;administration du site. \u00c7a bien s\u00fbr, il faudra en discuter. L&rsquo;id\u00e9e c&rsquo;est que ce soit pas une seule personne Servane qui porte tout et qui puisse y avoir d\u00e9j\u00e0 au niveau de l&rsquo;administration du site un partage des t\u00e2ches, mais aussi qu&rsquo;on se rende bien compte que dans un site, il y a des tas de t\u00e2ches vari\u00e9es et que \u00e7a peut \u00eatre aussi bien r\u00e9fl\u00e9chir aux textes publi\u00e9s ou enfin voil\u00e0, on pourrait faire le catalogue des t\u00e2ches \u00e0 accomplir et comme \u00e7a les t\u00e2ches pourraient \u00eatre r\u00e9parties. [silence] Il y avait la question du financement. Alors, je crois que j&rsquo;ai dit que que Servane avait demand\u00e9 au labo LIAgE. En fait, la charge financi\u00e8re n&rsquo;est pas \u00e9norme dans la mesure o\u00f9 c&rsquo;est nous, enfin nous, Servane, qui construit le site. En tout cas, l&rsquo;id\u00e9e ce serait aussi de rendre la coop\u00e9 plus visible, y compris lorsqu&rsquo;on va dans les colloques et qu&rsquo;on parle de la coop\u00e9 ou, en fait, \u00e0 chaque fois qu&rsquo;on parle de la coop\u00e9&#8230; En fait comment faire pour que ce soit plus visible pour les gens ? Et du coup le site, \u00e7a pourrait \u00eatre l&rsquo;occasion de donner un acc\u00e8s&#8230; comment dire&#8230; ergonomique quoi. C&rsquo;est \u00e0 dire que pour l&rsquo;instant quand on renvoie les gens sur le site \u00ab&nbsp;sens et praxis&nbsp;\u00bb en g\u00e9n\u00e9ral on perd le contact. Voil\u00e0. Aleks remerciait l&rsquo;existence de la Coop\u00e9 et elle aimerait bien qu&rsquo;on fasse un historique plus le point sur tout ce qui s&rsquo;est pass\u00e9 depuis la rentr\u00e9e de l&rsquo;automne, voil\u00e0. Val\u00e9ria se posait la question de comment faire, en fait, pour formaliser le le fil. Est-ce qu&rsquo;il y a quelqu&rsquo;un qui prend en charge la veille de ce qui se passe ? Bon voil\u00e0, \u00e7a reste les questions pos\u00e9es. On vous propose le document qu&rsquo;a \u00e9dit\u00e9 Pierre sur son site \u00ab&nbsp;sens et praxis&nbsp;\u00bb. En fait, c&rsquo;est le plan du site. Peut-\u00eatre que c&rsquo;est plus facile \u00e0 retrouver des choses avec ce document \u00e9crit. Il a fait aussi une vid\u00e9o pour expliquer un peu comment s&rsquo;organise son site. [silence] Voil\u00e0, je pense que j&rsquo;ai r\u00e9capitul\u00e9 ce qu&rsquo;on avait dit. Alors le deuxi\u00e8me point qu&rsquo;on vous propose ben c&rsquo;est en fait de faire&#8230; Quelqu&rsquo;un voulait rajouter par rapport au r\u00e9cap de ce qu&rsquo;on a dit ? C&rsquo;est bon ? Ok. Donc Servane se propose de nous faire un bref historique de la coop\u00e9.<\/p>\n\n\n\n<blockquote class=\"wp-block-quote is-layout-flow wp-block-quote-is-layout-flow\">\n<p class=\"wp-block-paragraph\">Aleks : Je pr\u00e9cise juste que mon pronom est ille. Je sais qu&rsquo;il y a ici la pratique du f\u00e9minin pluriel mais comme cela peut pr\u00eater \u00e0 confusion, je me permets de pr\u00e9ciser \ud83d\ude09 ille ou iel<\/p>\n<\/blockquote>\n\n\n\n<p class=\"wp-block-paragraph\">Servane : Oui, notamment parce que nous accueillons des nouvelles personnes, \u00e7a peut \u00eatre bien de faire&#8230; bon, je vais faire \u00e7a tr\u00e8s tr\u00e8s vite en quelques mots, mais pour au moins situer un peu ce qu&rsquo;on est, pourquoi, d&rsquo;o\u00f9 on existe, en fait. En fait, \u00e7a remonte \u00e0 la \u00e0 la p\u00e9riode de Covid, donc au moment o\u00f9 on \u00e9tait tous confin\u00e9s. Il y avait un certain nombre d&rsquo;\u00e9tudiants de Pierre&#8230; Euh alors, attends, on a un \u00e9cho l\u00e0, je sais pas chez qui mais&#8230;<\/p>\n\n\n\n<p class=\"wp-block-paragraph\">Aleks : \u00e7a doit \u00eatre moi, pardon, excuse-moi.<\/p>\n\n\n\n<p class=\"wp-block-paragraph\">Servane : Donc, il y avait un certain nombre d&rsquo;\u00e9tudiants de Pierre qui \u00e9taient, pour certains, dans des conditions, enfin qui ont v\u00e9cu ce confinement dans des conditions assez pr\u00e9caires, voire tr\u00e8s tr\u00e8s pr\u00e9caires, avec toutes les cons\u00e9quences qu&rsquo;on peut imaginer sur le bien-\u00eatre, la sant\u00e9 mentale etc. Et donc lui est venue l&rsquo;id\u00e9e de proposer cet arr\u00eat d&rsquo;autobus, c&rsquo;est-\u00e0-dire tel jour \u00e0 telle heure, il y aura toujours quelqu&rsquo;un pour travailler, pour de l&rsquo;\u00e9coute, pour le besoin qu&rsquo;il y aura. Voil\u00e0. Et donc l&rsquo;arr\u00eat d&rsquo;autobus a commenc\u00e9 comme \u00e7a. Bien \u00e9videmment vu le contexte, ben il y a pas mal de gens qui ont accroch\u00e9 assez vite. Et petit \u00e0 petit \u00e7a s&rsquo;est institu\u00e9&#8230; alors \u00e7a a \u00e9t\u00e9 assez progressif mais quand m\u00eame assez rapide, je crois, de m\u00e9moire. Du coup, c&rsquo;est peut-\u00eatre quelque chose que je pourrai vous dire mieux quand j&rsquo;aurais fait l&rsquo;arch\u00e9ologie, je pourrai vous donner des dates un peu plus pr\u00e9cises. Mais voil\u00e0 autour des projets de recherche des uns et des autres, des aspirations, des questionnements parfois tr\u00e8s nouveaux, en construction, enfin on n&rsquo;est pas l\u00e0 pour forc\u00e9ment partager des recherches bien finies, mais plut\u00f4t pour les coconstruire, c&rsquo;est un peu \u00e7a ce qu&rsquo;on fait ici. Tout en sachant qu&rsquo;avec le temps, il y a eu des moments o\u00f9 on a fait beaucoup justement de pr\u00e9sentations un peu formelles parce que c&rsquo;\u00e9tait le besoin : il y avait des participants qui commen\u00e7aient \u00e0 s&rsquo;approcher un petit peu de leur soutenance et qui avaient besoin de pouvoir s&rsquo;entra\u00eener \u00e0 parler de leur sujet, \u00e0 r\u00e9pondre \u00e0 des questions etc. Et puis il y a toujours r\u00e9guli\u00e8rement des moments o\u00f9 on n&rsquo;a rien de pr\u00e9vu comme aujourd&rsquo;hui et o\u00f9 \u00e7a finit un peu en qu&rsquo;est-ce qu&rsquo;on fout l\u00e0, ou on discute de ce qu&rsquo;on a envie aujourd&rsquo;hui&#8230; Et en fait, selon les s\u00e9ances, on a un peu ces deux modalit\u00e9s, je dirais, d&rsquo;utilisation de cet espace. Pour ce qui est de rattraper le fil d&rsquo;automne, euh, je vais essayer de me rappeler de tout. La s\u00e9ance de septembre, je crois qu&rsquo;on \u00e9tait sur plut\u00f4t justement une s\u00e9ance en mode \u00ab&nbsp;Qu&rsquo;est-ce qu&rsquo;on fout l\u00e0 et qu&rsquo;est-ce qu&rsquo;on veut faire cette ann\u00e9e ?&nbsp;\u00bb. Je suis m\u00eame pas s\u00fbr qu&rsquo;on l&rsquo;ait enregistr\u00e9e. Je me rappelle plus. Je suis pas s\u00fbre. La s\u00e9ance d&rsquo;octobre, si je me rappelle bien, c&rsquo;\u00e9tait une pr\u00e9sentation par Pierre et Del Aram sur le projet \u00ab&nbsp;Volare&nbsp;\u00bb. Lui, je sais que la s\u00e9ance a \u00e9t\u00e9 enregistr\u00e9e. Par contre, je crois qu&rsquo;elle a pas encore \u00e9t\u00e9 publi\u00e9e, parce qu&rsquo;il me semble qu&rsquo;elle est dans Cloud de Pierre et qu&rsquo;il l&rsquo;a pas vu. Ensuite, en novembre et d\u00e9cembre, on a eu deux s\u00e9ances, une qui \u00e9tait pr\u00e9vue comme \u00e7a et l&rsquo;autre qui s&rsquo;est improvis\u00e9e comme \u00e7a, sur le travail que je fais avec les fameux \u00e9tudiants de L2 dont on a parl\u00e9 tout \u00e0 l&rsquo;heure et dont j&rsquo;ai partag\u00e9 les productions. Donc avec l&rsquo;id\u00e9e de maintenant que je suis plus \u00e0 l&rsquo;\u00e9cole, que j&rsquo;ai fini ma th\u00e8se, j&rsquo;essaie de reprendre ce que j&rsquo;en ai tir\u00e9 en terme d&rsquo;\u00e9thique, de savoir-faire etc et de voir comment est-ce qu&rsquo;on peut travailler plus ou moins selon une m\u00eame logique mais en milieu universitaire, c&rsquo;est-\u00e0-dire dans un milieu vraiment tr\u00e8s tr\u00e8s diff\u00e9rent. Et donc j&rsquo;ai partag\u00e9 ce que j&rsquo;ai essay\u00e9 de faire dans au sein de ce cours pendant deux ans. Voil\u00e0 pour le r\u00e9sum\u00e9 de l&rsquo;automne. \u00c7a, par contre, les deux s\u00e9ances, me semble-t-il, sont publi\u00e9es. Et c&rsquo;\u00e9tait int\u00e9ressant parce que c&rsquo;\u00e9tait deux s\u00e9ances sur le m\u00eame th\u00e8me mais avec des gens tr\u00e8s diff\u00e9rents parce qu&rsquo;il y avait eu une s\u00e9ance du matin et une s\u00e9ance du soir et c&rsquo;\u00e9tait pas du tout les m\u00eames participants et du coup j&rsquo;ai pas du tout eu les m\u00eames retours. C&rsquo;\u00e9tait int\u00e9ressant d&rsquo;avoir les deux pour avoir les points de vues plus diversifi\u00e9s. Voil\u00e0.<\/p>\n\n\n\n<p class=\"wp-block-paragraph\">V\u00e9ronique : Merci Servane. Quelqu&rsquo;un veut rajouter quelque chose par rapport \u00e0 au recap de l&rsquo;automne ? [silence] Alors ce qu&rsquo;on peut faire maintenant, c&rsquo;est essayer de faire le point sur ce qu&rsquo;on imaginerait du site ou ce qui nous manque ou ce qu&rsquo;on aimerait. Voil\u00e0. Quelqu&rsquo;un veut commencer ?<\/p>\n\n\n\n<p class=\"wp-block-paragraph\">Servane : Moi dans l&rsquo;id\u00e9al, je pr\u00e9f\u00e9rais parler en dernier pour pas trop influencer.<\/p>\n\n\n\n<p class=\"wp-block-paragraph\">V\u00e9ronique : Moi, je veux bien commencer par dire que peut-\u00eatre je trouve compliqu\u00e9 d\u00e9j\u00e0 de ne pas louper une date \u00e0 partir du moment o\u00f9 on a plusieurs, on a l&rsquo;arr\u00eat d&rsquo;autobus plus les satellites&#8230; quelquefois je sais pas o\u00f9 on en est. Donc avoir un agenda, \u00e7a pourrait quand m\u00eame \u00eatre assez int\u00e9ressant. Et il y a toute la question de la trace en fait. Qu&rsquo;est-ce qui&#8230; le th\u00e8me de la r\u00e9union en fait ? De quoi il a \u00e9t\u00e9 discut\u00e9, comme tu viens de faire Servane, mais quelquefois aussi on a des pads qui sont attach\u00e9s aux s\u00e9ances. Voil\u00e0 comment&#8230; ou on disait tout \u00e0 l&rsquo;heure, quand on publie des textes libres, on a un pad associ\u00e9 \u00e0 la s\u00e9ance et en fait on sait finalement, enfin on imagine que personne ne nous lira parce que le pad il est attach\u00e9 \u00e0 la s\u00e9ance, voil\u00e0, qu&rsquo;on met pas forc\u00e9ment le lien, d&rsquo;ailleurs, quand on fait un compte-rendu. Et du coup l&rsquo;int\u00e9r\u00eat du site ce serait de pouvoir publier nos textes libre ou nos \u00e9crits, enfin voil\u00e0 qu&rsquo;il y ait un partage avec un support formalis\u00e9.<\/p>\n\n\n\n<p class=\"wp-block-paragraph\">Aleks : Je me permets de rebondir parce que, en entendant V\u00e9ronique, je me dis aussi que, avec le petit historique qui a \u00e9t\u00e9 fait l\u00e0, aussi d&rsquo;avoir dans le site justement une partie qui effectivement, sans que \u00e7a vienne figer la coop\u00e9, mais qui revienne un peu sur&#8230; qui recontextualise un peu la coop\u00e9 et mette un petit peu d&rsquo;historique. \u00c7a me para\u00eet chouette. Et l\u00e0 ce qui me venait en entendant l&rsquo;intervention juste avant, c&rsquo;est aussi que moi je preneur d&rsquo;un petit glossaire de la coop\u00e9, parce que par exemple moi l\u00e0, en venant aujourd&rsquo;hui, la notion d&rsquo;arr\u00eat d&rsquo;autobus je la mettais comme un des anc\u00eatres de la coop\u00e9, mais je savais pas encore cette notion qu&rsquo;elle existait dans la coop\u00e9, par exemple. Et je me dis bah voil\u00e0 \u00ab&nbsp;s\u00e9minaire satellite&nbsp;\u00bb on voit plus directement ce que c&rsquo;est mais voil\u00e0, peut-\u00eatre un petit glossaire aussi pour pouvoir se rep\u00e9rer dans ces usages langagiers, qui sont qui sont n\u00e9s, qui sont s\u00e9diment\u00e9s au fur et \u00e0 mesure. \u00c7a peut \u00eatre aussi une mani\u00e8re d&rsquo;aider \u00e0 entrer et \u00e0 se rep\u00e9rer dans les ressources quoi. Et sinon sur la question de pouvoir mettre des textes libres, \u00e7a pose la question de l&rsquo;adresse qui a \u00e9t\u00e9 \u00e9voqu\u00e9e aussi un peu plus t\u00f4t dans notre s\u00e9ance par Servane. Et je trouve que \u00e7a c&rsquo;est aussi de savoir qu&rsquo;il puisse avoir une audience \u00e0 ce qu&rsquo;on&#8230; enfin \u00e7a aide aussi \u00e0 produire.<\/p>\n\n\n\n<p class=\"wp-block-paragraph\">Servane : Vas-y, V\u00e9ronique, sinon je\u2026<\/p>\n\n\n\n<p class=\"wp-block-paragraph\">V\u00e9ronique : Ah oui, je demande la parole et je me la donne. On a commenc\u00e9 \u00e0 discuter \u00e0 plusieurs. Souvent ce qui nous manque aussi c&rsquo;est&#8230; Donc on avait la question de la Framalist pour envoyer les informations. Je trouve que ce qui nous manque souvent, c&rsquo;est, je sais pas si on peut appeler \u00e7a r\u00e9pertoire, mais savoir les personnes qui sont \u00e0 la coop\u00e9 si elles sont en M1, M2, post-M2, doctorat etc, quel est leur enseignant r\u00e9f\u00e9rent, avec qui ils travaillent et leur sujet de recherche aussi. Parce qu&rsquo;en fait souvent c&rsquo;est compliqu\u00e9 de faire lien quand on ne sait pas sur quoi les gens travaillent. Voil\u00e0, je sais pas comment \u00e7a peut \u00eatre mis en place hein, mais.<\/p>\n\n\n\n<p class=\"wp-block-paragraph\">Servane : Du coup je rebondis. Je vais vous partager un petit texte que j&rsquo;ai \u00e9crit suite \u00e0 la s\u00e9ance de mercredi parce que, pour replacer le contexte pour ceux qui savent pas, c&rsquo;est le s\u00e9minaire \u00ab\u00a0hors et marges\u00a0\u00bb, pour le master ETLV que cette ann\u00e9e on a coanim\u00e9 avec Pierre, et la derni\u00e8re s\u00e9ance on l&rsquo;avait faite donc ensemble, on \u00e9tait l\u00e0 ensemble. Et les \u00e9tudiants, pareil, valident avec texte libre etc, et moi dans mon id\u00e9e, dans la repr\u00e9sentation que je me fais de ce recueil de textes libres, je me vois pas, moi, en tant qu&rsquo;enseignante, ne pas y contribuer. \u00c7a me para\u00eet juste normal quand je demande aux \u00e9tudiants d&rsquo;\u00e9crire que moi j&rsquo;\u00e9crive aussi. Donc vu que j&rsquo;ai un agenda pas mal serr\u00e9, j&rsquo;ai pas eu le temps de faire un vrai truc un peu bien complet, mais je voulais quand m\u00eame faire un petit truc. Et donc j&rsquo;ai \u00e9crit un petit texte que je vais vous partager. Et je l&rsquo;ai \u00e9crit dans l&rsquo;id\u00e9e justement, en pensant au futur site, en me disant comment moi j&rsquo;imaginerais donc une page o\u00f9 il y aurait la vid\u00e9o d&rsquo;une s\u00e9ance, par exemple, et il y aurait un petit texte en dessous qui serait&#8230; alors pas forc\u00e9ment juste un r\u00e9sum\u00e9 brut mais plut\u00f4t un texte qui serait un point de vue sur ce qui s&rsquo;est pass\u00e9, avec vraiment l&rsquo;id\u00e9e de donner envie de cliquer sur la vid\u00e9o. Un peu, pour ceux qui l&rsquo;ont lu, ce que fait Fabien comme compte-rendu, je trouve qu&rsquo;il a une fa\u00e7on d&rsquo;\u00e9crire qui donne envie d&rsquo;aller&#8230; enfin en l&rsquo;occurrence l\u00e0, il y a pas de vid\u00e9o \u00e0 \u00e9couter, mais enfin il a une fa\u00e7on d&rsquo;\u00e9crire qui donne envie de participer au s\u00e9minaire quoi. Donc voil\u00e0. Donc je vous le partage. Et puis je l&rsquo;ai \u00e9cris aussi dans l&rsquo;id\u00e9e de l&rsquo;imprimer et de le mettre au mur de LIAgE, parce que je trouve qu&rsquo;on, on en avait discut\u00e9 d&rsquo;ailleurs je crois en juin, il y a pas assez de lien, je trouve, entre&#8230; C&rsquo;est-\u00e0-dire que les gens de LIAgE savent pas tr\u00e8s bien ce qu&rsquo;on fait. Il y a un probl\u00e8me de lien et donc je me suis dit&#8230; enfin je l&rsquo;avais propos\u00e9 en juin, \u00e7a serait cool que quand on \u00e9crit des textes libres, on les imprime et qu&rsquo;on les mette au mur du labo. Donc je l&rsquo;ai \u00e9cris aussi dans cette intention de l&rsquo;imprimer pour le mettre au mur du labo. Et voil\u00e0, moi j&rsquo;imagine quelque chose dans cet esprit l\u00e0, c&rsquo;est-\u00e0-dire des pages avec, sur chaque page o\u00f9 il y a une vid\u00e9o, il y a la vid\u00e9o et puis en dessous il y a un petit texte qui donne un peu envie, et puis il y a des mots cl\u00e9s pour pouvoir rapidement aller sur d&rsquo;autres pages qui parlent plus ou moins des m\u00eames trucs ou vers les autres vid\u00e9os des gens qui ont parl\u00e9 dans cet \u00e9change l\u00e0 pour pouvoir justement naviguer facilement si selon plusieurs crit\u00e8res que pourraient avoir les gens.<\/p>\n\n\n\n<p class=\"wp-block-paragraph\">Aleks : Je me disais juste, en \u00e9cho, enfin \u00e7a fait aussi lien en \u00e9cho \u00e0 ce que tu disais V\u00e9ronique sur la question de r\u00e9ussir \u00e0 faire lien avec quelles sont les recherches, tu \u00e9voquais aussi enseignant r\u00e9f\u00e9rents etc&#8230; Alors moi perso, j&rsquo;ai plus d&rsquo;enseignants r\u00e9f\u00e9rents mais je me disais peut-\u00eatre une proposition, parmi d&rsquo;autres hein on pourrait en trouver d&rsquo;autres, mais c&rsquo;est au-del\u00e0 du c\u00f4t\u00e9 un peu annuaire de qui compose la coop\u00e9 et, \u00e7a pourrait \u00eatre aussi d&rsquo;inviter \u00e0 ce que, dans les textes libres, il y ait toujours une petite phrase au d\u00e9but ou \u00e0 la fin pour dire depuis o\u00f9 on cause quoi, depuis o\u00f9 on \u00e9crit. Alors apr\u00e8s \u00e7a pourrait tout \u00e0 fait s&rsquo;entendre que sur un type de texte libre \u00e7a soit pas toujours souhait\u00e9 mais sur ceux qui sont publi\u00e9s, par exemple, qu&rsquo;il puisse y avoir&#8230; Et puis c&rsquo;est aussi un entra\u00eenement \u00e0 se r\u00e9\u00e9crire, \u00e0 se repr\u00e9senter depuis peut-\u00eatre des endroits qui \u00e9voluent aussi. Voil\u00e0 c&rsquo;est une piste en tout cas.<\/p>\n\n\n\n<blockquote class=\"wp-block-quote is-layout-flow wp-block-quote-is-layout-flow\">\n<p class=\"wp-block-paragraph\">Saadia\u00a0: Je rejoins les coll\u00e8gues sur l&rsquo;id\u00e9e de l&rsquo;agenda et aussi pouvoir distinguer les diff\u00e9rents lieux pour mieux se rep\u00e9rer. L&rsquo;id\u00e9e est chouette d&rsquo;alimenter le site avec nos diff\u00e9rentes productions pour laisser une trace.<\/p>\n<\/blockquote>\n\n\n\n<p class=\"wp-block-paragraph\">V\u00e9ronique : Servane puisque ton texte il est court, tu nous le lirais ?<\/p>\n\n\n\n<p class=\"wp-block-paragraph\">Servane : Si tu veux. Attendez, je le rouvre. Donc il s&rsquo;intitule \u00ab&nbsp;habiter la recherche avec po\u00e9sie&nbsp;\u00bb. Je l&rsquo;ai \u00e9crit vendredi juste apr\u00e8s mes cours, dont un cours de licence dans lequel j&rsquo;ai projet\u00e9 l&rsquo;enregistrement de ce qu&rsquo;on a fait mercredi. J&rsquo;explique pour que les gens qui nous \u00e9coutent aient le contexte. \u00ab&nbsp;Ce mercredi soir, apr\u00e8s une longue journ\u00e9e de corrections, alors que les lignes d&rsquo;\u00e9criture semblent comme imprim\u00e9es sur ma r\u00e9tine, arrive enfin une respiration bienvenue : notre derni\u00e8re s\u00e9ance de hors et marges avec Pierre. Au programme, une pr\u00e9sentation de son travail au colegio Kumi wasi en Bolivie. Plus qu&rsquo;un travail, une rencontre avec un lieu de vie peupl\u00e9 d&rsquo;humains et de non-humains de tous types, tous \u00e2ges, tous statuts, avec comme souci commun de s&rsquo;aider \u00e0 grandir en prenant soin les uns des autres. Un lieu qui, en m\u00eame temps, me d\u00e9payse, moi qui ne voyage que lorsque j&rsquo;y suis contrainte et, paradoxalement, me semble tellement familier. \u00ab\u00a0J&rsquo;ai beaucoup pens\u00e9 \u00e0 toi l\u00e0-bas\u00a0\u00bb, me dit Pierre. \u00c7a ne m&rsquo;\u00e9tonne pas. Il y a quelque chose, une ambiance, une logique d&rsquo;action qui ne peut que me rappeler mon exp\u00e9rience au H\u00eatre bienveillant. Une r\u00e9sonance en quelque sorte que je ne saurais pas vraiment d\u00e9crire. Savoir que des gens quelque part \u00e0 l&rsquo;autre bout du monde travaillent leur milieu comme nous avons pu travailler le n\u00f4tre pour aboutir \u00e0 un r\u00e9sultat tout \u00e0 fait diff\u00e9rent mais tout aussi inspirant, \u00ab\u00a0sain et soutenable\u00a0\u00bb, me nourrit. Mais ce qui a marqu\u00e9 tout le monde dans cette s\u00e9ance, c&rsquo;est surtout sa forme. Les photos qui accompagnent le r\u00e9cit posent vraiment l&rsquo;ambiance. Une \u00e9tudiante de mon cours de licence o\u00f9 j&rsquo;ai projet\u00e9 l&rsquo;enregistrement tout \u00e0 l&rsquo;heure a dit : \u00ab\u00a0ce que j&rsquo;ai aim\u00e9 surtout, ce sont les photos, ce n&rsquo;est pas seulement l&rsquo;\u00e9cole qu&rsquo;on voit, c&rsquo;est son regard sur l&rsquo;\u00e9cole.\u00a0\u00bb Alors m\u00eame que Pierre nous dit \u00e0 propos de l&rsquo;acte photographique : \u00ab\u00a0moi, en train de les regarder, je suis vu par eux.\u00a0\u00bb Et cet entrelacement vibre jusque dans la voix avec laquelle cette rencontre nous est narr\u00e9e. \u00ab\u00a0L\u00e0, il y avait une voix diff\u00e9rente de d&rsquo;habitude\u00a0\u00bb, nous dit Pascale. \u00c7a nous a touch\u00e9s parce que ce n&rsquo;est pas seulement Pierre qui nous a parl\u00e9 d&rsquo;un monde, c&rsquo;est un monde qui a parl\u00e9 \u00e0 travers Pierre son regard, son \u00e9criture et sa voix. \u00ab\u00a0Si la parole est bonne, c&rsquo;est qu&rsquo;il y a des oreilles pour \u00e9couter\u00a0\u00bb, nous dit Issa. Sans aucun doute. La qualit\u00e9 d&rsquo;\u00e9coute de ce groupe nous a port\u00e9s, l&rsquo;un et l&rsquo;autre, tout au long de ce s\u00e9minaire, et je pense pouvoir parler en notre nom \u00e0 tous les deux en exprimant notre profonde gratitude pour cela.&nbsp;\u00bb Voil\u00e0.<\/p>\n\n\n\n<p class=\"wp-block-paragraph\">V\u00e9ronique : Merci Servane. Je trouve que c&rsquo;est pas pareil de d\u00e9poser un texte sur un chat que de le partager avec la voix. Merci.<\/p>\n\n\n\n<p class=\"wp-block-paragraph\">Valeria : Oui, merci. Et du coup je me dis mais est-ce que&#8230; enfin moi je serais tr\u00e8s curieuse : est-ce que c&rsquo;est possible que au sein de la coop\u00e9 on ait la m\u00eame opportunit\u00e9 d&rsquo;\u00e9couter \u00e7a ou c&rsquo;est pas opportun ce que je dis ?<\/p>\n\n\n\n<p class=\"wp-block-paragraph\">Servane : D&rsquo;\u00e9couter dans quel sens ?<\/p>\n\n\n\n<p class=\"wp-block-paragraph\">Valeria : Bah d&rsquo;avoir un bout de cette pr\u00e9sentation avec toi et Pierre. Est-ce que on pourrait en b\u00e9n\u00e9ficier ?<\/p>\n\n\n\n<p class=\"wp-block-paragraph\">Servane : Ben, je vous ai donn\u00e9, je crois, l&rsquo;adresse si je dis pas de b\u00eatises. Je vais te la retrouver.<\/p>\n\n\n\n<p class=\"wp-block-paragraph\">Valeria : D&rsquo;accord. Juste la revoir quoi. Mais dans ce sens-l\u00e0 quoi. Ok.<\/p>\n\n\n\n<p class=\"wp-block-paragraph\">Servane : Ouais, il me semble que j&rsquo;ai mis le lien plus haut mais je vais te le remettre, je vais te le retrouver.<\/p>\n\n\n\n<p class=\"wp-block-paragraph\">Valeria : D&rsquo;accord. Mais du coup c&rsquo;est la vid\u00e9o, c&rsquo;est \u00e7a ?<\/p>\n\n\n\n<p class=\"wp-block-paragraph\">Servane : Oui, c&rsquo;est \u00e7a.<\/p>\n\n\n\n<p class=\"wp-block-paragraph\">Valeria : Ok, faut se contenter. Je comprends.<\/p>\n\n\n\n<p class=\"wp-block-paragraph\">Servane : Apr\u00e8s je sais pas, c&rsquo;est un truc qu&rsquo;il faudrait demander \u00e0 Pierre si lui il a envie de la refaire, la pr\u00e9sentation.<\/p>\n\n\n\n<p class=\"wp-block-paragraph\">Valeria : M\u00eame si c&rsquo;est pas la refaire, j&rsquo;aimerais bien avoir aussi, mais peut-\u00eatre voil\u00e0 que c&rsquo;est pas&#8230; c&rsquo;est pour \u00e7a je disais c&rsquo;est peut-\u00eatre pas bien de le demander, mais je me disais \u00e7a doit \u00eatre chouette aussi. Mais apr\u00e8s la revoir c&rsquo;est s\u00fbrement la m\u00eame chose. Pas pas de souci. Merci.<\/p>\n\n\n\n<p class=\"wp-block-paragraph\">Aleks : Peut-\u00eatre ce qu&rsquo;il y a de diff\u00e9rent entre les deux propositions, c&rsquo;est peut-\u00eatre une autre&#8230; enfin je sais pas peut-\u00eatre, mais ce que j&rsquo;entends aussi c&rsquo;est que il se passe quelque chose dans le fait de pouvoir partager ce que \u00e7a produit de voir les images ou la vid\u00e9o. Je sais pas ce que \u00e7a pourrait prendre comme forme pour nous, mais sans forc\u00e9ment resolliciter Pierre, il y a aussi, comme tu l&rsquo;as fait, Servane, dans ton propre s\u00e9minaire avec les \u00e9tudiants de licence. Il y a peut-\u00eatre quelque chose, je sais pa, je sais pas si c&rsquo;est \u00e7a que tu voulais dire Valeria.<\/p>\n\n\n\n<p class=\"wp-block-paragraph\">Servane : Pour le coup, avec mes \u00e9tudiants, je leur ai projet\u00e9 l&rsquo;enregistrement. Enfin, je leur ai projet\u00e9, j&rsquo;\u00e9tais en viso, donc je leur ai donn\u00e9 \u00e0 regarder plut\u00f4t. Ils l&rsquo;ont regard\u00e9 et apr\u00e8s ils sont revenus et on a eu un \u00e9change sur justement ce que \u00e7a avait&#8230; comment eux l&rsquo;avaient vu, comment ils avaient v\u00e9cu. En sachant que, pour une fois, parce qu&rsquo;on le fait pas habituellement, mais pour une fois, j&rsquo;ai fait du montage sur cette vid\u00e9o l\u00e0 parce que j&rsquo;ai enlev\u00e9 tout le d\u00e9but o\u00f9 on fait justement le rapport de conseil, tout \u00e7a, j&rsquo;ai enlev\u00e9, parce que je trouvais que \u00e7a n&rsquo;avait pas de sens de montrer \u00e0 mes L2 le rapport du conseil d&rsquo;un autre s\u00e9minaire qui n&rsquo;a rien \u00e0 voir. Il y a eu quelques petits couacs techniques, je les ai enlev\u00e9s etc pour que \u00e7a soit un peu fluide dans la narration. Voil\u00e0. [silence] Mais voil\u00e0, enfin en tout cas, moi c&rsquo;est plus ou moins comme \u00e7a que j&rsquo;imaginais les contributions que pourraient faire certaines personnes de la coop\u00e9. Voil\u00e0 quand on participe \u00e0 une s\u00e9ance qui nous marque, pouvoir en dire&#8230; \u00e0 la fois dire ce qui s&rsquo;y est dit, transmettre le contenu, mais surtout qu&rsquo;est-ce que nous on en a pens\u00e9, comment on l&rsquo;a v\u00e9cu, quelles sont peut-\u00eatre les phrases principales qu&rsquo;on a retenues&#8230; C&rsquo;est un peu dans ce sens-l\u00e0 que moi j&rsquo;ai essay\u00e9 d&rsquo;\u00e9crire, avec vraiment cette id\u00e9e de, moi qui ai beaucoup appr\u00e9ci\u00e9 cette s\u00e9ance, comment est-ce que je pourrais avoir envie de donner envie \u00e0 d&rsquo;autres personnes de la regarder en fait. Sans faire faux, hein. Faut que \u00e7a soit sinc\u00e8re dans le mani\u00e8re de enfin&#8230; Vas-y, V\u00e9ronique.<\/p>\n\n\n\n<p class=\"wp-block-paragraph\">V\u00e9ronique : C&rsquo;est un petit peu ce que nous disait Fabien par rapport \u00e0 la trace du s\u00e9minaire satellite \u00ab&nbsp;\u00e9critures en recherche&nbsp;\u00bb. C&rsquo;\u00e9tait en fait lui, il avait envie de nous communiquer comment il avait v\u00e9cu la s\u00e9ance et ce qu&rsquo;il en avait tir\u00e9 quoi. Voil\u00e0.<\/p>\n\n\n\n<p class=\"wp-block-paragraph\">Servane : Ben, je me suis vraiment inspir\u00e9e de ses propres productions, hein. Enfin, moi quand je re\u00e7ois ses contre-rendus, j&rsquo;adore. C&rsquo;est cette ambiance l\u00e0 que j&rsquo;ai essay\u00e9 de faire dans mon propre texte \u00e0 ma mani\u00e8re, hein, pas en singeant Fabien, mais c&rsquo;est cette intention l\u00e0 en fait. Et c&rsquo;est comme \u00e7a que j&rsquo;imaginais qu&rsquo;on pouvait, justement, sur le site avoir \u00e0 chaque fois une vid\u00e9o, un petit texte en dessous comme \u00e7a qui est pas forc\u00e9ment tr\u00e8s long, hein, mais qui soit un truc qui soit engageant en fait qui&#8230; Et pareil que \u00e7a soit pas forc\u00e9ment forc\u00e9. C&rsquo;est-\u00e0-dire que il y a peut-\u00eatre des vid\u00e9os qui nous auront moins&#8230; enfin des s\u00e9ances qui nous auront moins inspir\u00e9s dans lequel on fera juste un petit r\u00e9sum\u00e9 vite fait. Mais quand il y a des s\u00e9ances qui nous inspirent, on peut m\u00eame se dire que si on est trois quatre \u00e0 avoir \u00e9t\u00e9 particuli\u00e8rement inspir\u00e9s par une s\u00e9ance et ben on met les trois quatre textes des personnes. Et c&rsquo;est l\u00e0 o\u00f9 je trouvais qu&rsquo;on pouvait justement inclure les textes libres et redonner du sens \u00e0 \u00e9crire en fin de s\u00e9ance. Parce que si on \u00e9crit en fin de s\u00e9ance sur une s\u00e9ance qu&rsquo;on a vraiment appr\u00e9ci\u00e9, on peut \u00e9ventuellement \u00eatre&#8230; enfin \u00e7a peut \u00eatre publi\u00e9 apr\u00e8s sur le site potentiellement, quoi. Oui, vas-y, V\u00e9ronique.<\/p>\n\n\n\n<p class=\"wp-block-paragraph\">V\u00e9ronique : En fait, ce que je me disais, c&rsquo;est dans la coop\u00e9rative, il y a quelque chose de vivant et de coop\u00e9ratif. Et toute la question c&rsquo;est comment faire pour, sur un site rendre compte, en fait, de tout ce qui est de l&rsquo;ordre du processus et du vivant, des \u00e9motions, du sensible, etc. ?<\/p>\n\n\n\n<p class=\"wp-block-paragraph\">Servane : Alors, j&rsquo;ai pas forc\u00e9ment la r\u00e9ponse mais par contre par rapport au c\u00f4t\u00e9 vivant, moi \u00e7a me ram\u00e8ne au mot que j&rsquo;ai dit d\u00e9j\u00e0 tout \u00e0 l&rsquo;heure qui est le mot \u00ab&nbsp;organique&nbsp;\u00bb, parce que il y a le c\u00f4t\u00e9 vivant de ce qu&rsquo;on produit, quand on le produit, et il y a le c\u00f4t\u00e9 vivant de la personne qui vient et qui consulte et comment elle va naviguer dedans. Et les deux pour moi sont importantes, puisque un site internet c&rsquo;est une interface, c&rsquo;est une rencontre entre des gens qui produisent des trucs et des gens qui viennent les consulter. Donc le site internet doit \u00eatre pens\u00e9 pour \u00eatre la m\u00e9diation entre les deux. Moi, en terme d&rsquo;ergonomie, ce que j&rsquo;imaginais et en fait je suis repartie d&rsquo;une vieille conversation qu&rsquo;on a eue avec Pierre l\u00e0-dessus&#8230; On a \u00e9chang\u00e9 pas mal de temps, \u00e0 un moment donn\u00e9, il \u00e9tait \u00e0 fond dans les mindmap parce que \u00e7a permettait de d\u00e9ployer un type de pens\u00e9e qui est un peu diff\u00e9rente d&rsquo;une pens\u00e9e lin\u00e9aire. Donc quand on \u00e9crit, on \u00e9crit du haut vers le bas, on est oblig\u00e9 de respecter voil\u00e0 un certain ordre. On lit la premi\u00e8re phrase avant de lire la deuxi\u00e8me, avant de lire la troisi\u00e8me, sinon \u00e7a veut rien dire. Donc il y a un, on va dire, un d\u00e9ploiement temporel de l&rsquo;\u00e9criture, de comment on consulte les informations qui sont dans le texte. Et le mindmap, c&rsquo;est une configuration qui est, du coup, pas lin\u00e9aire, pas temporelle mais plut\u00f4t spatiale. C&rsquo;est-\u00e0-dire qu&rsquo;on peut regarder en m\u00eame temps \u00e0 gauche, \u00e0 droite, on peut naviguer de fa\u00e7on beaucoup plus organique justement. Et donc moi j&rsquo;avais dans l&rsquo;id\u00e9e de partir de cette id\u00e9e d&rsquo;un mindmap, sur une premi\u00e8re page o\u00f9 on aurait quelque chose qui ressemblerait peut-\u00eatre un peu \u00e0 l&rsquo;atomium de Bruxelles ou un truc comme \u00e7a, avec plusieurs espaces, avec plusieurs possibilit\u00e9s d&rsquo;entr\u00e9e. Donc on pourrait entrer par, par exemple, le participant, ou par l&rsquo;ann\u00e9e de production, ou par les th\u00e9matiques abord\u00e9es, ou par les espaces, si c&rsquo;est dans le s\u00e9minaire trucmuche ou le s\u00e9minaire machin et selon par o\u00f9 on clique, on arrive sur les m\u00eames vid\u00e9os mais par des chemins diff\u00e9rents. Et que sur chaque page de vid\u00e9o on puisse avoir des liens qui nous ram\u00e8nent vers d&rsquo;autres choses. Si par exemple on est sur une vid\u00e9o o\u00f9, mettons c&rsquo;est c&rsquo;est la vid\u00e9o de d\u00e9cembre o\u00f9 on parle de mon travail, il y aurait mon nom qui serait cliquable et on pourrait voir toutes les autres vid\u00e9os o\u00f9 moi j&rsquo;ai fait des trucs, des propositions, mais on pourrait aussi regarder tout ce qui a \u00e9t\u00e9 dit d&rsquo;autre sur les \u00e9coles alternatives, par exemple, ou sur l&rsquo;enseignement milieu universitaire ou j&rsquo;en sais rien. Et donc, on pourrait arriver, selon ce qui nous int\u00e9resse en tant que personne qui arrive sur le sur le site, on pourrait naviguer en suivant les choses qui nous int\u00e9ressent personnellement sans qu&rsquo;il y ait une modalit\u00e9 de navigation pr\u00e9construite, en fait. Donc moi, c&rsquo;est un peu \u00e7a que j&rsquo;avais dans l&rsquo;id\u00e9e.<\/p>\n\n\n\n<p class=\"wp-block-paragraph\">Aleks : Je me permets un \u00e9cho questionnement. Moi je trouve \u00e7a super de pouvoir avoir justement des formes comme \u00e7a alors qui peuvent \u00eatre permises aussi par des syst\u00e8mes de mots cl\u00e9s qui permettent des navigations, on va dire singuli\u00e8res dans un foisonnement de recherches et je trouve \u00e7a super. Je me pose juste un peu des questions, enfin parce que aussi je suis au travail sur mes sites internet de recherche un peu de la m\u00eame mani\u00e8re, sur les enjeux de comment la lin\u00e9arit\u00e9 \u00e0 certains endroits elle peut \u00eatre aussi importante, en tout cas plut\u00f4t sur le plan esth\u00e9tique, par rapport aux questions de handicap et notamment de handicap visuel. Moi je travaille beaucoup&#8230; Enfin aujourd&rsquo;hui le monde de la recherche il est extr\u00eamement inaccessible alors qu&rsquo;on a un nombre de chercheureuses avec des d\u00e9ficits visuels, voil\u00e0, qui arrivent quand m\u00eame, malgr\u00e9 \u00e7a, \u00e0 mener leurs recherches dans l&rsquo;espace universitaire et de m\u00eame dans le milieu de l&rsquo;\u00e9ducation populaire et la recherche-action, cette question, elle revient. Du coup voil\u00e0, c&rsquo;est juste cette petite question d&rsquo;attention sur tous les espaces tr\u00e8s foisonnant sur le plan de l&rsquo;esth\u00e9tique. Voil\u00e0, je me pose juste comment allier, et je pense que c&rsquo;est tout \u00e0 fait possible, mais aussi des&#8230; En tout cas a minima une page d&rsquo;accueil qui puisse \u00eatre suffisamment l\u00e9g\u00e8re et avec les quelques codes qui permettent aussi la possibilit\u00e9 pour des personnes, notamment, alors il y a d&rsquo;autres handicaps que \u00e7a peut concerner, mais notamment avec d\u00e9ficience visuelle, de pouvoir avoir acc\u00e8s aux contenus de la recherche, quoi.<\/p>\n\n\n\n<p class=\"wp-block-paragraph\">Servane : Ouais, je suis tout \u00e0 fait d&rsquo;accord avec \u00e7a. Il y a un certain nombre de choses qui sont faciles \u00e0 prendre en charge. Je pense par exemple le choix des gammes de couleurs par rapport \u00e0 des probl\u00e9matiques de d\u00e9ficience visuelle. Apr\u00e8s bon, il y a un certain nombre de choses&#8230; En fait, je donne un cours au second semestre l\u00e0, justement, sur l&rsquo;ergonomie num\u00e9rique, dans lequel je traite notamment de comment on fait pour aider un petit peu l&rsquo;accessibilit\u00e9. Donc, je vais quand m\u00eame m&rsquo;appuyer un petit peu sur ce que j&rsquo;essaie de transmettre. Apr\u00e8s, il y a des outils, hein. Faut r\u00e9fl\u00e9chir, il faut voir un peu comment \u00e7a fonctionne, comment \u00e7a s&rsquo;impl\u00e9mente, \u00e7a par contre, je l&rsquo;ai jamais fait, mais je pense que \u00e7a doit \u00eatre faisable d&rsquo;avoir des petits outils qui lisent de fa\u00e7on automatique ce qu&rsquo;on&#8230; enfin un petit bouton o\u00f9 il y aurait une lecture, robotique certes, mais voil\u00e0. Il y a moyen certainement de mettre en place des choses comme \u00e7a. Faut juste qu&rsquo;on en discute et qu&rsquo;on se renseigne et que voil\u00e0\u2026<\/p>\n\n\n\n<p class=\"wp-block-paragraph\">Aleks : Peut-\u00eatre juste l\u00e0-dessus, moi justement je m&rsquo;y connais pas tr\u00e8s tr\u00e8s bien, mais j&rsquo;ai l&rsquo;impression que l&rsquo;id\u00e9e c&rsquo;est moins forc\u00e9ment&#8230; enfin qu&rsquo;on peut impl\u00e9menter des choses mais en fait que \u00e0 la base de pouvoir, avec son propre en fait lecteur visuel audio quoi, pour les personnes concern\u00e9es avoir acc\u00e8s. Et des fois \u00e7a se joue plus \u00e0 cet endroit-l\u00e0 o\u00f9 l&rsquo;ergonomie des sites produit une lecture compl\u00e8tement hach\u00e9e parce que justement on est sur quelque chose d&rsquo;\u00e9clat\u00e9 sur le plan de l&rsquo;organisation quoi et de l&rsquo;esth\u00e9tique du site. Mais c&rsquo;est des choses auxquelles on peut tout \u00e0 fait r\u00e9fl\u00e9chir aussi collectivement \u00e0 partir de nos exp\u00e9riences.<\/p>\n\n\n\n<p class=\"wp-block-paragraph\">Servane : Bien s\u00fbr et puis \u00e9ventuellement peut-\u00eatre \u00e7a pourrait \u00eatre int\u00e9ressant de faire venir peut-\u00eatre quelqu&rsquo;un qui pourrait nous expliquer, d&rsquo;un point de vue exp\u00e9rientiel, ce que c&rsquo;est que de naviguer avec un handicap, pour nous dire un peu c&rsquo;est quoi les difficult\u00e9s tr\u00e8s concr\u00e8tes qui sont rencontr\u00e9es quand on a un handicap visuel et qu&rsquo;on veut naviguer sur un site internet, \u00e7a pourrait \u00eatre int\u00e9ressant.<\/p>\n\n\n\n<p class=\"wp-block-paragraph\">Valeria : Apr\u00e8s, je pense que, Servane, si tu veux effectivement t&rsquo;occuper du site, \u00e7a peut&#8230; enfin dans le budget peut \u00eatre compris un consultant, une consultante par rapport \u00e0 \u00e7a, hein, parce qu&rsquo;il y a des r\u00e8gles sp\u00e9cifiques pour l&rsquo;accessibilit\u00e9 de toutes sortes, hein. Il y a pas que le l&rsquo;histoire visuelle. Donc moi, je trouve \u00e7a hyper important que notre site soit accessible aux personnes qui peuvent avoir des handicaps de toutes sortes. Et donc c&rsquo;est vraiment, pour moi, je pense que c&rsquo;est important que si on met en ligne un site, il soit vraiment aux norme par rapport \u00e0 \u00e7a.<\/p>\n\n\n\n<p class=\"wp-block-paragraph\">Servane : Ouais, je suis bien d&rsquo;accord.<\/p>\n\n\n\n<p class=\"wp-block-paragraph\">V\u00e9ronique : Il nous reste sept minutes. Ce que je vous propose, c&rsquo;est on garde un petit temps pour le \u00e7a va-t&rsquo;y. Est-ce qu&rsquo;on peut l\u00e0 pr\u00e9voir la suite, en fait ? Qu&rsquo;est-ce qu&rsquo;on qu&rsquo;est-ce qu&rsquo;on propose ? Soit on dit on en reparle \u00e0 la prochaine s\u00e9ance dans un mois ou est-ce que est-ce qu&rsquo;il y a un espace o\u00f9 les gens peuvent donner des id\u00e9es ?<\/p>\n\n\n\n<p class=\"wp-block-paragraph\">Servane : Alors moi je propose par rapport \u00e0 \u00e7a que s&rsquo;il y a d\u00e9j\u00e0 des id\u00e9es importantes, que \u00e7a soit en terme d&rsquo;esth\u00e9tique, d&rsquo;ergonomie, d&rsquo;accessibilit\u00e9 ou autres, qu&rsquo;on&#8230; Je vais peut-\u00eatre cr\u00e9er un drive, en fait, je vous l&rsquo;enverrai, comme \u00e7a, on rassemble tout au m\u00eame endroit et \u00e7a \u00e9vite de faire des doublons et on \u00e9vite de perdre des infos. Je l&rsquo;envoie sur le la mailing de la coop\u00e9 et puis chacun d\u00e9pose un peu comment il per\u00e7oit les choses. Et puis, de toute fa\u00e7on, moi je commence rien tant que j&rsquo;ai pas les fonds. Je ferai certainement quelques croquis que je pr\u00e9senterai \u00e0 l&rsquo;occasion dans des&#8230; soit dans mon s\u00e9minaire, soit dans les conseils. Et puis on verra, on aura peut-\u00eatre besoin, \u00e0 un moment donn\u00e9, de faire une s\u00e9ance dessus, mais enfin c&rsquo;est pas tout de suite tout de suite hein, tout \u00e7a va se mettre en place lentement, donc\u2026<\/p>\n\n\n\n<p class=\"wp-block-paragraph\">V\u00e9ronique : oui, c&rsquo;est juste que, bon, on a commenc\u00e9 \u00e0 en parler et qu&rsquo;il y a la possibilit\u00e9 pour ceux qui \u00e9taient pas l\u00e0 de continuer la r\u00e9flexion quoi.<\/p>\n\n\n\n<p class=\"wp-block-paragraph\">Servane : Ouais, ben si \u00e7a vous va, je fais \u00e7a, je fais un drive et puis je l&rsquo;envoie \u00e0 la coop\u00e9 et puis comme \u00e7a chacun peut y mettre ce \u00e0 quoi il aspire.<\/p>\n\n\n\n<p class=\"wp-block-paragraph\">V\u00e9ronique : Merci beaucoup. Est-ce que quelqu&rsquo;un veut rajouter quelque chose ?<\/p>\n\n\n\n<p class=\"wp-block-paragraph\">Aleks : J&rsquo;avais une petite question, du coup, dans ce temps qui va \u00eatre de transition qui va \u00eatre assez long. L\u00e0 par exemple, du coup, tu nous disais Servane que les vid\u00e9os n&rsquo;\u00e9taient pas n&rsquo;\u00e9taient plus post\u00e9es pour l&rsquo;instant sur le site de Pierre. L\u00e0, du coup, celle-ci&#8230; Enfin moi je suis pas tr\u00e8s au claire sur comment \u00e7a se passe une fois que c&rsquo;est enregistr\u00e9. Est-ce qu&rsquo;en attendant qu&rsquo;elle soit mise sur le site, on peut y avoir acc\u00e8s autrement ? Voil\u00e0, je me posais cette cette question l\u00e0.<\/p>\n\n\n\n<p class=\"wp-block-paragraph\">Servane : Alors, si elles sont \u00e0 jour. Euh, j&rsquo;ai encore un \u00e9cho. L\u00e0, elles sont \u00e0 jour. C&rsquo;est juste en gros entre juin et d\u00e9cembre, \u00e7a avait \u00e9t\u00e9 mis en standby. Depuis d\u00e9cembre, Pierre a tout remis \u00e0 jour \u00e0 part deux trois vid\u00e9os qui ont \u00e9t\u00e9 perdues un peu dans le tas. Mais en gros tout est \u00e0 jour l\u00e0. Les s\u00e9ances de janvier ont \u00e9t\u00e9 mises \u00e0 jour aussi. L\u00e0, il y a juste celle de mercredi qui avait pas \u00e9t\u00e9 encore publi\u00e9e, je crois, il me semble. Mais bon, on n&rsquo;est pas super en retard quand m\u00eame. Je crois, il me semble, que celle de mardi l&rsquo;avait \u00e9t\u00e9. Donc voil\u00e0. Moi l\u00e0, la vid\u00e9o, je la mettrai rapidement moi sur ma cha\u00eene YouTube, comme d&rsquo;habitude en mode \u00ab\u00a0non r\u00e9pertori\u00e9\u00a0\u00bb pour qu&rsquo;il y ait que en ayant le lien qu&rsquo;on puisse y acc\u00e9der, et puis j&rsquo;enverrai le lien \u00e0 Pierre pour qu&rsquo;il le mette sur son site. Et donc apr\u00e8s c&rsquo;est plus dans ma ma\u00eetrise quoi, je peux pas savoir s&rsquo;il le mettra demain, dans une semaine, trois semaines, j&rsquo;en sais rien. Mais je peux, par contre, le joindre au mail avec le drive pour que les gens aient une mise en contexte sur pourquoi est-ce que je propose un drive quoi. \u00c7a je peux le faire.<\/p>\n\n\n\n<p class=\"wp-block-paragraph\">Aleks : Oui oui ben je posais aussi la question parce que je&#8230; alors je sais pas si c&rsquo;est trop m&rsquo;avancer mais je me disais bien, enfin on parlait de question de handicap visuel, moi j&rsquo;ai aussi beaucoup travaill\u00e9 sur la question de comment rendre accessible handicap auditif et la question de la vid\u00e9o elle est quand m\u00eame assez probl\u00e9matique, et je me disais que j&rsquo;aurais bien tent\u00e9 l&rsquo;exp\u00e9rience de voir si j&rsquo;arrivais \u00e0 retranscrire, par exemple, notre vid\u00e9o d&rsquo;aujourd&rsquo;hui. Je sais que bon voil\u00e0 c&rsquo;est des choses sur lesquelles je travaille aussi et je me disais ah tiens \u00e7a pourrait \u00eatre une petite exp\u00e9rimentation avant de vous faire des propositions sur des s\u00e9ances qui peuvent \u00eatre plus longues et beaucoup plus complexes \u00e0 retranscrire quoi. Avec \u00e9videmment l&rsquo;aide d&rsquo;outils YouTube au besoin quoi. Mais voil\u00e0 du coup, s&rsquo;il y a moyen d&rsquo;avoir le lien, en confidentialit\u00e9, en attendant la mise en ligne je suis assez preneur.<\/p>\n\n\n\n<p class=\"wp-block-paragraph\">Servane : Pas de souci.<\/p>\n\n\n\n<p class=\"wp-block-paragraph\">V\u00e9ronique : Merci. On arr\u00eate l\u00e0 pour aujourd&rsquo;hui ?<\/p>\n\n\n\n<p class=\"wp-block-paragraph\">Servane : \u00c7a va-t&rsquo;y avant ?<\/p>\n\n\n\n<p class=\"wp-block-paragraph\">V\u00e9ronique : Ouais. Non, non, mais c&rsquo;\u00e9tait Oui, oui, bien s\u00fbr, j&rsquo;ai pas oubli\u00e9. Jessica, \u00e7a va-t&rsquo;y ?<\/p>\n\n\n\n<p class=\"wp-block-paragraph\">Servane : Je crois qu&rsquo;elle peut pas parler. Je pense qu&rsquo;elle va peut-\u00eatre le faire \u00e0 l&rsquo;\u00e9crit. On va peut-\u00eatre lui laisser le temps.<\/p>\n\n\n\n<p class=\"wp-block-paragraph\">V\u00e9ronique : Ok. Valeria, \u00e7a va-t&rsquo;y ?<\/p>\n\n\n\n<p class=\"wp-block-paragraph\">Valeria : \u00c7a va-t&rsquo;y impec&rsquo;. Merci beaucoup V\u00e9ronique d&rsquo;avoir pris l&rsquo;animation de cette s\u00e9ance.<\/p>\n\n\n\n<p class=\"wp-block-paragraph\">V\u00e9ronique : [rire] C&rsquo;est pas facile. Aleks ?<\/p>\n\n\n\n<p class=\"wp-block-paragraph\">Aleks : Oui, \u00e7a va bien merci. J&rsquo;\u00e9tais un peu stress\u00e9 avant de venir sur comment raccrocher. Et du coup voil\u00e0, je suis heureux de voir que c&rsquo;est un espace o\u00f9 d&rsquo;une mani\u00e8re ou d&rsquo;une autre c&rsquo;est toujours possible de raccrocher. Et merci pour les \u00e9changes.<\/p>\n\n\n\n<p class=\"wp-block-paragraph\">V\u00e9ronique : Merci. H\u00e9l\u00e8ne ?<\/p>\n\n\n\n<p class=\"wp-block-paragraph\">H\u00e9l\u00e8ne : Oui, merci pour cette s\u00e9ance. Moi, je suis arriv\u00e9e avec pas du tout du tout d&rsquo;\u00e9nergie, une immense fatigue et tr\u00e8s&#8230; enfin voil\u00e0, \u00e7a me donne plein d&rsquo;envie, enfin envie de me reconnecter avec vous. Je vais, je pense, \u00e9crire \u00e0 Servane \u00e0 propos du prochain s\u00e9minaire satellite parce que je pourrais pas \u00eatre l\u00e0 le 19. Mais c&rsquo;est tr\u00e8s stimulant et cette stimulation \u00e9tait, aujourd&rsquo;hui en particulier, vraiment la bienvenue. Donc merci beaucoup.<\/p>\n\n\n\n<p class=\"wp-block-paragraph\">V\u00e9ronique : Merci H\u00e9l\u00e8ne. Saadia ?<\/p>\n\n\n\n<p class=\"wp-block-paragraph\">Saadia : \u00c7a va tr\u00e8s bien. Merci.<\/p>\n\n\n\n<p class=\"wp-block-paragraph\">V\u00e9ronique : Merci. Servane \u00e7a va-t&rsquo;y ?<\/p>\n\n\n\n<p class=\"wp-block-paragraph\">Servane : Bah, la migraine continue de monter donc bof. Mais on fait avec. Ca ira mieux demain.<\/p>\n\n\n\n<p class=\"wp-block-paragraph\">V\u00e9ronique : Tu as ferm\u00e9 la fen\u00eatre ?<\/p>\n\n\n\n<p class=\"wp-block-paragraph\">Servane : Oui.<\/p>\n\n\n\n<p class=\"wp-block-paragraph\">V\u00e9ronique : [rire] Bon ca va. Merci. Bah moi aussi \u00e7a va tr\u00e8s bien. Merci beaucoup pour cette s\u00e9ance. D\u00e9sol\u00e9e c&rsquo;est pas \u00e9vident la premi\u00e8re fois qu&rsquo;on pr\u00e9side. Merci beaucoup. Et puis est-ce que Servane, est-ce que tu peux donner la date de la prochaine ? Ou quelqu&rsquo;un d&rsquo;autre ? Je pense que comme on comme on alterne. Je suppose que la prochaine s\u00e9ance, quelqu&rsquo;un me dit si je me trompe, mais \u00e7a devrait \u00eatre le 9 f\u00e9vrier le soir \u00e0 ce moment-l\u00e0 ?<\/p>\n\n\n\n<p class=\"wp-block-paragraph\">Saadia : Oui, j&rsquo;avais not\u00e9 9 \u00e0 19h. Le 9 f\u00e9vrier.<\/p>\n\n\n\n<p class=\"wp-block-paragraph\">V\u00e9ronique : Ok. Donc rendez-vous pour tout le monde lundi 9 f\u00e9vrier \u00e0 19h. Merci beaucoup. Passez une bonne journ\u00e9e.<\/p>\n\n\n\n<p class=\"wp-block-paragraph\"><\/p>\n","protected":false},"excerpt":{"rendered":"<p>Th\u00e9matiques : accessibilit\u00e9, coop\u00e9, coop\u00e9ration, ergonomie, esth\u00e9tique, handicap, inclusion, num\u00e9rique, site internet<\/p>\n","protected":false},"author":1,"featured_media":0,"comment_status":"open","ping_status":"open","sticky":false,"template":"","format":"standard","meta":{"site-sidebar-layout":"default","site-content-layout":"","ast-site-content-layout":"default","site-content-style":"default","site-sidebar-style":"default","ast-global-header-display":"","ast-banner-title-visibility":"","ast-main-header-display":"","ast-hfb-above-header-display":"","ast-hfb-below-header-display":"","ast-hfb-mobile-header-display":"","site-post-title":"","ast-breadcrumbs-content":"","ast-featured-img":"","footer-sml-layout":"","ast-disable-related-posts":"","theme-transparent-header-meta":"","adv-header-id-meta":"","stick-header-meta":"","header-above-stick-meta":"","header-main-stick-meta":"","header-below-stick-meta":"","astra-migrate-meta-layouts":"default","ast-page-background-enabled":"default","ast-page-background-meta":{"desktop":{"background-color":"var(--ast-global-color-5)","background-image":"","background-repeat":"repeat","background-position":"center center","background-size":"auto","background-attachment":"scroll","background-type":"","background-media":"","overlay-type":"","overlay-color":"","overlay-opacity":"","overlay-gradient":""},"tablet":{"background-color":"","background-image":"","background-repeat":"repeat","background-position":"center center","background-size":"auto","background-attachment":"scroll","background-type":"","background-media":"","overlay-type":"","overlay-color":"","overlay-opacity":"","overlay-gradient":""},"mobile":{"background-color":"","background-image":"","background-repeat":"repeat","background-position":"center center","background-size":"auto","background-attachment":"scroll","background-type":"","background-media":"","overlay-type":"","overlay-color":"","overlay-opacity":"","overlay-gradient":""}},"ast-content-background-meta":{"desktop":{"background-color":"var(--ast-global-color-4)","background-image":"","background-repeat":"repeat","background-position":"center center","background-size":"auto","background-attachment":"scroll","background-type":"","background-media":"","overlay-type":"","overlay-color":"","overlay-opacity":"","overlay-gradient":""},"tablet":{"background-color":"var(--ast-global-color-4)","background-image":"","background-repeat":"repeat","background-position":"center center","background-size":"auto","background-attachment":"scroll","background-type":"","background-media":"","overlay-type":"","overlay-color":"","overlay-opacity":"","overlay-gradient":""},"mobile":{"background-color":"var(--ast-global-color-4)","background-image":"","background-repeat":"repeat","background-position":"center center","background-size":"auto","background-attachment":"scroll","background-type":"","background-media":"","overlay-type":"","overlay-color":"","overlay-opacity":"","overlay-gradient":""}},"footnotes":""},"categories":[5],"tags":[22,16,24,18,19,23,21,20,17],"class_list":["post-192","post","type-post","status-publish","format-standard","hentry","category-autobus","tag-accessibilite","tag-coope","tag-cooperation","tag-ergonomie","tag-esthetique","tag-handicap","tag-inclusion","tag-numerique","tag-site-internet"],"_links":{"self":[{"href":"https:\/\/cooperative-d-ecriture.org\/index.php\/wp-json\/wp\/v2\/posts\/192","targetHints":{"allow":["GET"]}}],"collection":[{"href":"https:\/\/cooperative-d-ecriture.org\/index.php\/wp-json\/wp\/v2\/posts"}],"about":[{"href":"https:\/\/cooperative-d-ecriture.org\/index.php\/wp-json\/wp\/v2\/types\/post"}],"author":[{"embeddable":true,"href":"https:\/\/cooperative-d-ecriture.org\/index.php\/wp-json\/wp\/v2\/users\/1"}],"replies":[{"embeddable":true,"href":"https:\/\/cooperative-d-ecriture.org\/index.php\/wp-json\/wp\/v2\/comments?post=192"}],"version-history":[{"count":5,"href":"https:\/\/cooperative-d-ecriture.org\/index.php\/wp-json\/wp\/v2\/posts\/192\/revisions"}],"predecessor-version":[{"id":207,"href":"https:\/\/cooperative-d-ecriture.org\/index.php\/wp-json\/wp\/v2\/posts\/192\/revisions\/207"}],"wp:attachment":[{"href":"https:\/\/cooperative-d-ecriture.org\/index.php\/wp-json\/wp\/v2\/media?parent=192"}],"wp:term":[{"taxonomy":"category","embeddable":true,"href":"https:\/\/cooperative-d-ecriture.org\/index.php\/wp-json\/wp\/v2\/categories?post=192"},{"taxonomy":"post_tag","embeddable":true,"href":"https:\/\/cooperative-d-ecriture.org\/index.php\/wp-json\/wp\/v2\/tags?post=192"}],"curies":[{"name":"wp","href":"https:\/\/api.w.org\/{rel}","templated":true}]}}